{"id":147,"date":"2013-06-02T17:42:28","date_gmt":"2013-06-02T15:42:28","guid":{"rendered":"http:\/\/maternailes.net\/leblog2\/?p=147"},"modified":"2018-08-12T08:32:55","modified_gmt":"2018-08-12T06:32:55","slug":"le-cahier-de-brevets","status":"publish","type":"post","link":"http:\/\/maternailes.net\/leblog2\/le-cahier-de-brevets\/","title":{"rendered":"Le cahier de brevets"},"content":{"rendered":"<h2>Un cahier de brevets ?<\/h2>\n<p>Dans notre classe, peu de cahiers :<!--more--><\/p>\n<p>&#8211; un <em>cahier de correspondance<\/em>,<br \/>\n&#8211; un\u00a0<em>cahier d&rsquo;\u00e9l\u00e8ve<\/em>\u00a0par enfant.<br \/>\n&#8211; un <em>cahier de brevets<\/em> qui accompagne l&rsquo;enfant durant tout le cycle 1<\/p>\n<p><img loading=\"lazy\" class=\"aligncenter size-full wp-image-156\" src=\"http:\/\/maternailes.net\/leblog2\/wp-content\/uploads\/2013\/06\/Capture_d_ecran_2013-04-10_a_18.59.16.png\" alt=\"Capture_d_ecran_2013-04-10_a_18.59.16\" width=\"371\" height=\"350\" srcset=\"http:\/\/maternailes.net\/leblog2\/wp-content\/uploads\/2013\/06\/Capture_d_ecran_2013-04-10_a_18.59.16.png 371w, http:\/\/maternailes.net\/leblog2\/wp-content\/uploads\/2013\/06\/Capture_d_ecran_2013-04-10_a_18.59.16-300x283.png 300w\" sizes=\"(max-width: 371px) 100vw, 371px\" \/><\/p>\n<h2>Des exemples<\/h2>\n<p>En grande section :<\/p>\n<p><a href=\"http:\/\/maternailes.net\/leblog2\/wp-content\/uploads\/2013\/06\/brevets1.jpg\"><img loading=\"lazy\" class=\"aligncenter size-large wp-image-159\" src=\"http:\/\/maternailes.net\/leblog2\/wp-content\/uploads\/2013\/06\/brevets1-1024x772.jpg\" alt=\"brevets1\" width=\"660\" height=\"497\" srcset=\"http:\/\/maternailes.net\/leblog2\/wp-content\/uploads\/2013\/06\/brevets1-1024x772.jpg 1024w, http:\/\/maternailes.net\/leblog2\/wp-content\/uploads\/2013\/06\/brevets1-300x226.jpg 300w, http:\/\/maternailes.net\/leblog2\/wp-content\/uploads\/2013\/06\/brevets1-700x528.jpg 700w\" sizes=\"(max-width: 660px) 100vw, 660px\" \/><\/a><\/p>\n<p>Au m\u00eame moment, en petite section :<\/p>\n<p><a href=\"http:\/\/maternailes.net\/leblog2\/wp-content\/uploads\/2013\/06\/brevets2.jpg\"><img loading=\"lazy\" class=\"aligncenter size-large wp-image-158\" src=\"http:\/\/maternailes.net\/leblog2\/wp-content\/uploads\/2013\/06\/brevets2-1024x612.jpg\" alt=\"brevets2\" width=\"660\" height=\"394\" srcset=\"http:\/\/maternailes.net\/leblog2\/wp-content\/uploads\/2013\/06\/brevets2-1024x612.jpg 1024w, http:\/\/maternailes.net\/leblog2\/wp-content\/uploads\/2013\/06\/brevets2-300x179.jpg 300w, http:\/\/maternailes.net\/leblog2\/wp-content\/uploads\/2013\/06\/brevets2-700x418.jpg 700w, http:\/\/maternailes.net\/leblog2\/wp-content\/uploads\/2013\/06\/brevets2.jpg 1571w\" sizes=\"(max-width: 660px) 100vw, 660px\" \/><\/a><\/p>\n<p>\u00c0 noter :<br \/>\nL&rsquo;activit\u00e9 <a href=\"\/leblog\/index.php?post\/2013\/Espace-en-maternelle-de-la-manipulation-a-la-tablette\">tangram sur tablette<\/a> n&rsquo;a pas \u00e9t\u00e9 propos\u00e9e aux \u00e9l\u00e8ves de petite section.<br \/>\nL&rsquo;\u00e9l\u00e8ve de GS, sur le cahier pr\u00e9sent\u00e9, ne valide que trois tangrams alors que certains MS, passionn\u00e9s, en ont r\u00e9ussis une bonne dizaine (Ils peuvent <a href=\"\/pratiques\/organisation\/organisation.html#chap3\">s&rsquo;inscrire plusieurs fois<\/a> \u00e0 un atelier dans notre classe.)<\/p>\n<h2>Avantages du cahier de brevets<\/h2>\n<p><em><strong>Parcours d&rsquo;apprentissages individualis\u00e9s<\/strong><\/em><\/p>\n<p><strong>En fonction des sections<\/strong>, on ne trouve pas forc\u00e9ment les m\u00eames brevets.<br \/>\n<strong>En fonction des niveaux de comp\u00e9tences<\/strong>, les r\u00e9ussites sont diff\u00e9rentes, m\u00eame au sein d&rsquo;une m\u00eame section.<br \/>\nCette suite de brevets permet de <strong>rendre compte et d&rsquo;organiser les parcours individualis\u00e9s<\/strong>, \u00e0 mi chemin entre le cahier de vie et le livret d&rsquo;\u00e9valuation.<\/p>\n<figure style=\"width: 465px\" class=\"wp-caption aligncenter\"><a href=\"http:\/\/maternailes.net\/recherche\/recherche.html#chap3\"><img loading=\"lazy\" src=\"http:\/\/maternailes.net\/recherche\/metacognition.png\" alt=\"\" width=\"465\" height=\"210\" \/><\/a><figcaption class=\"wp-caption-text\">Extrait du colloque \u00ab\u00a0Sciences cognitives et \u00e9ducation\u00a0\u00bb du Coll\u00e8ge de France.<\/figcaption><\/figure>\n<p><strong>Il se d\u00e9marque de l&rsquo;esprit du cahier de suivi des IO2015 qui propose de ne pr\u00e9senter QUE les r\u00e9ussites des \u00e9l\u00e8ves. <\/strong><\/p>\n<p><strong>Ici, figure aussi ce que l&rsquo;enfant ne sait pas encore faire, \u00e0 un moment de son parcours.<\/strong><\/p>\n<p><strong>Parce que apprendre s&rsquo;inscrit dans un processus toujours en mouvement, parce que connaitre l&rsquo;orientation de ce mouvement nous permet de mieux progresser (voil\u00e0 ce que je sais faire aujourd&rsquo;hui, voil\u00e0 vers quoi je vais aller.)<\/strong><\/p>\n<p><em><strong>Langage scolaire<\/strong><\/em><\/p>\n<p><a href=\"http:\/\/maternailes.net\/leblog2\/wp-content\/uploads\/2013\/06\/100_1868.jpg\"><img loading=\"lazy\" class=\"alignright size-medium wp-image-160\" src=\"http:\/\/maternailes.net\/leblog2\/wp-content\/uploads\/2013\/06\/100_1868-300x147.jpg\" alt=\"100_1868\" width=\"300\" height=\"147\" srcset=\"http:\/\/maternailes.net\/leblog2\/wp-content\/uploads\/2013\/06\/100_1868-300x147.jpg 300w, http:\/\/maternailes.net\/leblog2\/wp-content\/uploads\/2013\/06\/100_1868-1024x503.jpg 1024w, http:\/\/maternailes.net\/leblog2\/wp-content\/uploads\/2013\/06\/100_1868-700x343.jpg 700w\" sizes=\"(max-width: 300px) 100vw, 300px\" \/><\/a><br \/>\nLes cahiers sont en libre service \u00e0 l&rsquo;accueil o\u00f9 les enfants <strong>les feuillettent, les commentent, \u00e9changent<\/strong>.<br \/>\nComme\u00a0les brevets ne sont pas class\u00e9s par discipline, l&rsquo;enfant\u00a0les <strong>\u00e9nonce<\/strong> bien souvent, pour <strong>les domaines de comp\u00e9tences les plus \u00ab\u00a0lisibles\u00a0\u00bb<\/strong> (\u00e9crire,\u00a0compter&#8230;). Avec l&rsquo;enseignant, ce cahier peut servir de support pour\u00a0progresser dans la <a href=\"http:\/\/maternailes.net\/pratiques\/langagescolaire\/langagescolaire.html#chap3\"><strong>maitrise du<\/strong><strong> langage scolaire.<\/strong><\/a><\/p>\n<p><em><strong>\u00c0 hauteur d&rsquo;enfant<br \/>\n<\/strong><\/em><\/p>\n<p>Parce qu&rsquo;ils s&rsquo;adressent d&rsquo;abord aux enfants, notamment par le biais des photographies, l\u2019\u00e9l\u00e8ve peut <strong>retrouver, comprendre<\/strong> sur son cahier de brevets <strong>ses r\u00e9ussites, sa progression au fil des mois. Son m\u00e9tier d&rsquo;\u00e9l\u00e8ve prend forme.<\/strong><\/p>\n<p>Sans se chagriner de ne pas tout r\u00e9ussir !<br \/>\nDans notre classe unique maternelle, toutes<a href=\"\/pratiques\/organisation\/organisation.html#chap5\"> les sections sont m\u00e9lang\u00e9es.<\/a> Les enfants ont l&rsquo;habitude, d\u00e8s la petite section, de ne pas atteindre tous les niveaux propos\u00e9s <a href=\"\/leblog\/index.php?post\/2010\/07\/18\/L-atelier-echelonne\">dans les ateliers \u00e9chelonn\u00e9s. <\/a><br \/>\nDe ce fait, <strong>apprendre, c&rsquo;est faire de son mieux, aller vers une plus grande maitrise en sachant qu&rsquo;il existera toujours un pallier plus complexe qu&rsquo;on n&rsquo;est pas encore en mesure d&rsquo;atteindre. <\/strong>(Certains me demandent parfois des niveaux \u00ab\u00a0quatre ou dix \u00e9toiles\u00a0\u00bb !)<\/p>\n<p><em><strong>\u00c0 hauteur de classe <\/strong><\/em>(et de maitresse)<\/p>\n<p>Tout en gardant comme horizon les comp\u00e9tences de fin de cycle, le\u00a0cahier de brevets se construit semaine apr\u00e8s semaine au fil de nos progressions, au fil des projets,\u00a0de nos enthousiasmes et\u00a0des coups de fatigue aussi.<br \/>\nChaque ann\u00e9e,<strong> il s&rsquo;adapte<\/strong> aux rythmes et comp\u00e9tences des \u00e9l\u00e8ves,<strong> \u00e0 la sp\u00e9cificit\u00e9 du groupe classe, \u00e0 mes envies et obsessions p\u00e9dagogiques<\/strong>&#8230;<br \/>\n<a href=\"http:\/\/maternailes.net\/leblog2\/wp-content\/uploads\/2013\/06\/facteurcheval.png\"><br \/>\n<\/a><a href=\"http:\/\/maternailes.net\/leblog2\/wp-content\/uploads\/2013\/06\/facteurcheval.png\"><img loading=\"lazy\" class=\"aligncenter size-full wp-image-161\" src=\"http:\/\/maternailes.net\/leblog2\/wp-content\/uploads\/2013\/06\/facteurcheval.png\" alt=\"facteurcheval\" width=\"943\" height=\"225\" srcset=\"http:\/\/maternailes.net\/leblog2\/wp-content\/uploads\/2013\/06\/facteurcheval.png 943w, http:\/\/maternailes.net\/leblog2\/wp-content\/uploads\/2013\/06\/facteurcheval-300x71.png 300w, http:\/\/maternailes.net\/leblog2\/wp-content\/uploads\/2013\/06\/facteurcheval-700x167.png 700w\" sizes=\"(max-width: 943px) 100vw, 943px\" \/><\/a><\/p>\n<p><em><strong>Facilit\u00e9 de mise en oeuvre<br \/>\n<\/strong><\/em><\/p>\n<p><strong>Pas de livret \u00e0 construire, imprimer, renseigner en fin de p\u00e9riode<\/strong> (et grosse fatigue), les brevets sont coll\u00e9s par l&rsquo;Atsem au fil des semaines, d\u00e8s qu&rsquo;une activit\u00e9 se termine. Le cahier est transmis aux familles avant chaque vacances.<br \/>\n<strong><a href=\"\/brevet\/index.php?\">Le r\u00e9pertoire<\/a><\/strong> en ligne permet d&rsquo;utiliser des brevets tous pr\u00eats, que l&rsquo;on peut adapter facilement grace au num\u00e9rique. Il ouvre aussi de nouvelles pistes, pr\u00e9sente du mat\u00e9riel parfois inconnu. <strong>De quoi compl\u00e9ter, enrichir nos parcours au fil des mois.<\/strong><\/p>\n<h2>Inconv\u00e9nients<\/h2>\n<p>Euh&#8230;<br \/>\nAvec 30 \u00e9l\u00e8ves dans la classe, \u00e7a devient lourd-dingue \u00e0 g\u00e9rer (mais s&rsquo;il n&rsquo;y avait que \u00e7a&#8230;.)<br \/>\nCe n&rsquo;est pas tr\u00e8s \u00e9cologique : on colle du papier sur du papier et on use pas mal d&rsquo;encre. Mais dans ce type de pratique, on utilise tellement peu de fiches que \u00e7a doit s&rsquo;\u00e9quilibrer&#8230;<\/p>\n<p>Merci \u00e0 Antoine et Alexis, qui ont contribu\u00e9 \u00e0 leur fa\u00e7on \u00e0 ce billet \ud83d\ude09<\/p>\n\n                            <div id=\"aspdf\">\n                                <a href=\"http:\/\/maternailes.net\/leblog2\/wp-content\/plugins\/as-pdf\/generate.php?post=\">\n                                    <span><\/span>\n                                <\/a>\n                            <\/div>\n                        ","protected":false},"excerpt":{"rendered":"<p>Un cahier de brevets ? Dans notre classe, peu de cahiers :<\/p>\n","protected":false},"author":1,"featured_media":159,"comment_status":"open","ping_status":"open","sticky":false,"template":"","format":"standard","meta":[],"categories":[12],"tags":[],"_links":{"self":[{"href":"http:\/\/maternailes.net\/leblog2\/wp-json\/wp\/v2\/posts\/147"}],"collection":[{"href":"http:\/\/maternailes.net\/leblog2\/wp-json\/wp\/v2\/posts"}],"about":[{"href":"http:\/\/maternailes.net\/leblog2\/wp-json\/wp\/v2\/types\/post"}],"author":[{"embeddable":true,"href":"http:\/\/maternailes.net\/leblog2\/wp-json\/wp\/v2\/users\/1"}],"replies":[{"embeddable":true,"href":"http:\/\/maternailes.net\/leblog2\/wp-json\/wp\/v2\/comments?post=147"}],"version-history":[{"count":21,"href":"http:\/\/maternailes.net\/leblog2\/wp-json\/wp\/v2\/posts\/147\/revisions"}],"predecessor-version":[{"id":4031,"href":"http:\/\/maternailes.net\/leblog2\/wp-json\/wp\/v2\/posts\/147\/revisions\/4031"}],"wp:featuredmedia":[{"embeddable":true,"href":"http:\/\/maternailes.net\/leblog2\/wp-json\/wp\/v2\/media\/159"}],"wp:attachment":[{"href":"http:\/\/maternailes.net\/leblog2\/wp-json\/wp\/v2\/media?parent=147"}],"wp:term":[{"taxonomy":"category","embeddable":true,"href":"http:\/\/maternailes.net\/leblog2\/wp-json\/wp\/v2\/categories?post=147"},{"taxonomy":"post_tag","embeddable":true,"href":"http:\/\/maternailes.net\/leblog2\/wp-json\/wp\/v2\/tags?post=147"}],"curies":[{"name":"wp","href":"https:\/\/api.w.org\/{rel}","templated":true}]}}